{"id":8097,"date":"2025-11-11T19:47:22","date_gmt":"2025-11-11T19:47:22","guid":{"rendered":"https:\/\/caapmonteregie.ca\/2025\/11\/11\/memoire-bail-et-droits-des-locataires-aines-etude-des-modifications-reglementaires-proposees-in-french-only\/"},"modified":"2025-11-11T20:10:17","modified_gmt":"2025-11-11T20:10:17","slug":"memoire-bail-et-droits-des-locataires-aines-etude-des-modifications-reglementaires-proposees-in-french-only","status":"publish","type":"post","link":"https:\/\/caapmonteregie.ca\/en\/2025\/11\/11\/memoire-bail-et-droits-des-locataires-aines-etude-des-modifications-reglementaires-proposees-in-french-only\/","title":{"rendered":"M\u00e9moire Bail et droits des locataires a\u00een\u00e9s: \u00e9tude des modifications r\u00e9glementaires propos\u00e9es (in French only)"},"content":{"rendered":"<p>[et_pb_section fb_built=&#8221;1&#8243; _builder_version=&#8221;4.22.1&#8243; _module_preset=&#8221;default&#8221; global_colors_info=&#8221;{}&#8221; theme_builder_area=&#8221;post_content&#8221;][et_pb_row _builder_version=&#8221;4.27.4&#8243; _module_preset=&#8221;default&#8221; width=&#8221;100%&#8221; global_colors_info=&#8221;{}&#8221; theme_builder_area=&#8221;post_content&#8221;][et_pb_column type=&#8221;4_4&#8243; _builder_version=&#8221;4.27.4&#8243; _module_preset=&#8221;default&#8221; global_colors_info=&#8221;{}&#8221; theme_builder_area=&#8221;post_content&#8221;][et_pb_image src=&#8221;https:\/\/caapmonteregie.ca\/wp-content\/uploads\/2025\/11\/CAAPMonteregie_Memoire-Bail-RPA_HR.jpg&#8221; alt=&#8221;M\u00e9moire CAAP Mont\u00e9r\u00e9gie sur le bail et droits des locataires a\u00een\u00e9s: \u00e9tude des modifications r\u00e9glementaires propos\u00e9es (in French only)&#8221; title_text=&#8221;CAAPMonteregie_Memoire-Bail-RPA_HR&#8221; url=&#8221;https:\/\/caapmonteregie.ca\/wp-content\/uploads\/2025\/11\/Memoire_Projets-de-reglements.pdf&#8221; url_new_window=&#8221;on&#8221; align=&#8221;center&#8221; force_fullwidth=&#8221;off&#8221; _builder_version=&#8221;4.27.4&#8243; _module_preset=&#8221;default&#8221; global_colors_info=&#8221;{}&#8221; theme_builder_area=&#8221;post_content&#8221;][\/et_pb_image][\/et_pb_column][\/et_pb_row][et_pb_row _builder_version=&#8221;4.27.2&#8243; _module_preset=&#8221;default&#8221; custom_padding=&#8221;2px|||||&#8221; global_colors_info=&#8221;{}&#8221; theme_builder_area=&#8221;post_content&#8221;][et_pb_column type=&#8221;4_4&#8243; _builder_version=&#8221;4.22.1&#8243; _module_preset=&#8221;default&#8221; global_colors_info=&#8221;{}&#8221; theme_builder_area=&#8221;post_content&#8221;][et_pb_text _builder_version=&#8221;4.27.4&#8243; _module_preset=&#8221;default&#8221; global_colors_info=&#8221;{}&#8221; theme_builder_area=&#8221;post_content&#8221;]<\/p>\n<h2><strong>Why this brief is important<\/strong><\/h2>\n<p>Drawing on its day-to-day experience with senior tenants, CAAP Mont\u00e9r\u00e9gie would like to share its observations and concerns about the proposed regulatory changes. Our analysis highlights some of the possible effects of these changes, including : <\/p>\n<ul>\n<li>Potentially higher costs for vulnerable customers on fixed incomes<\/li>\n<li>Risks of confusion related to lease forms, which can hinder understanding of rights and responsibilities<\/li>\n<li>The possibility of multiple billing for similar services<\/li>\n<li>Reduced transparency in calculating rent increases<\/li>\n<\/ul>\n<h3>Our goal: a fair balance<\/h3>\n<p>CAAP Mont\u00e9r\u00e9gie aims to promote a balance between the management needs of operators and the necessary protection of seniors&#8217; rights. With 72% of our clientele aged 70 and over, we realize that legislative and regulatory frameworks have a direct and significant impact on residents&#8217; living conditions. <\/p>\n<h3>16 concrete recommendations<\/h3>\n<p>Our brief proposes ways to improve clarity, transparency and fairness in leases and rent setting, while reducing the risk of financial abuse.<\/p>\n<p>[\/et_pb_text][\/et_pb_column][\/et_pb_row][et_pb_row _builder_version=&#8221;4.27.4&#8243; _module_preset=&#8221;default&#8221; custom_padding=&#8221;2px|||||&#8221; link_option_url=&#8221;https:\/\/caapmonteregie.ca\/en\/memoire_projets-de-reglements-2\/&#8221; link_option_url_new_window=&#8221;on&#8221; global_colors_info=&#8221;{}&#8221; theme_builder_area=&#8221;post_content&#8221;][et_pb_column type=&#8221;4_4&#8243; _builder_version=&#8221;4.22.1&#8243; _module_preset=&#8221;default&#8221; global_colors_info=&#8221;{}&#8221; theme_builder_area=&#8221;post_content&#8221;][et_pb_button button_url=&#8221;https:\/\/caapmonteregie.ca\/wp-content\/uploads\/2025\/11\/Memoire_Projets-de-reglements.pdf&#8221; url_new_window=&#8221;on&#8221; button_text=&#8221;Download the full brief&#8221; _builder_version=&#8221;4.27.4&#8243; _module_preset=&#8221;default&#8221; global_colors_info=&#8221;{}&#8221; theme_builder_area=&#8221;post_content&#8221;][\/et_pb_button][et_pb_text _builder_version=&#8221;4.27.4&#8243; _module_preset=&#8221;default&#8221; hover_enabled=&#8221;0&#8243; global_colors_info=&#8221;{}&#8221; theme_builder_area=&#8221;post_content&#8221; sticky_enabled=&#8221;0&#8243;]<\/p>\n<h4>Download the full brief to discover our detailed analysis and recommendations for a fairer framework better adapted to the reality of seniors living in RPPs.<\/h4>\n<h4>Because aging with dignity also means being able to understand your lease and pay a fair rent.<\/h4>\n<p>[\/et_pb_text][\/et_pb_column][\/et_pb_row][\/et_pb_section]<\/p>\n","protected":false},"excerpt":{"rendered":"<p>Why this brief is important<\/p>\n","protected":false},"author":3,"featured_media":8086,"comment_status":"closed","ping_status":"closed","sticky":false,"template":"","format":"standard","meta":{"_et_pb_use_builder":"on","_et_pb_old_content":"","_et_gb_content_width":"","footnotes":""},"categories":[22],"tags":[],"class_list":["post-8097","post","type-post","status-publish","format-standard","has-post-thumbnail","hentry","category-nouvelles-en"],"_links":{"self":[{"href":"https:\/\/caapmonteregie.ca\/en\/wp-json\/wp\/v2\/posts\/8097","targetHints":{"allow":["GET"]}}],"collection":[{"href":"https:\/\/caapmonteregie.ca\/en\/wp-json\/wp\/v2\/posts"}],"about":[{"href":"https:\/\/caapmonteregie.ca\/en\/wp-json\/wp\/v2\/types\/post"}],"author":[{"embeddable":true,"href":"https:\/\/caapmonteregie.ca\/en\/wp-json\/wp\/v2\/users\/3"}],"replies":[{"embeddable":true,"href":"https:\/\/caapmonteregie.ca\/en\/wp-json\/wp\/v2\/comments?post=8097"}],"version-history":[{"count":9,"href":"https:\/\/caapmonteregie.ca\/en\/wp-json\/wp\/v2\/posts\/8097\/revisions"}],"predecessor-version":[{"id":8109,"href":"https:\/\/caapmonteregie.ca\/en\/wp-json\/wp\/v2\/posts\/8097\/revisions\/8109"}],"wp:featuredmedia":[{"embeddable":true,"href":"https:\/\/caapmonteregie.ca\/en\/wp-json\/wp\/v2\/media\/8086"}],"wp:attachment":[{"href":"https:\/\/caapmonteregie.ca\/en\/wp-json\/wp\/v2\/media?parent=8097"}],"wp:term":[{"taxonomy":"category","embeddable":true,"href":"https:\/\/caapmonteregie.ca\/en\/wp-json\/wp\/v2\/categories?post=8097"},{"taxonomy":"post_tag","embeddable":true,"href":"https:\/\/caapmonteregie.ca\/en\/wp-json\/wp\/v2\/tags?post=8097"}],"curies":[{"name":"wp","href":"https:\/\/api.w.org\/{rel}","templated":true}]}}